{"id":1037,"date":"2024-01-04T08:41:15","date_gmt":"2024-01-04T08:41:15","guid":{"rendered":"https:\/\/www.jozefiak.org\/?p=1037"},"modified":"2024-01-04T08:42:11","modified_gmt":"2024-01-04T08:42:11","slug":"standardy-ochrony-maloletnich-od-15-08-2024-r","status":"publish","type":"post","link":"https:\/\/www.jozefiak.org\/index.php\/archiwa\/1037","title":{"rendered":"Standardy ochrony ma\u0142oletnich od 15.08.2024 r."},"content":{"rendered":"\n<p>W zwi\u0105zku z uchwaleniem ustawy z dnia 28 lipca 2023 r. o zmianie ustawy \u2013 Kodeks rodzinny i opieku\u0144czy oraz niekt\u00f3rych innych ustaw (Dz.U. z 2023 roku, poz. 1606) wprowadzono dla ka\u017cdego:<\/p>\n\n\n\n<p>1)&nbsp;organu zarz\u0105dzaj\u0105cego jednostk\u0105 systemu o\u015bwiaty, o kt\u00f3rej mowa w art. 2 pkt 1-8 ustawy z dnia 14 grudnia 2016 r. &#8211; Prawo o\u015bwiatowe (Dz.U. z 2023 r. poz. 900), oraz inn\u0105 plac\u00f3wk\u0105 o\u015bwiatow\u0105, opieku\u0144cz\u0105, wychowawcz\u0105, resocjalizacyjn\u0105, religijn\u0105, artystyczn\u0105, medyczn\u0105, rekreacyjn\u0105, sportow\u0105 lub zwi\u0105zan\u0105 z rozwijaniem zainteresowa\u0144, do kt\u00f3rej ucz\u0119szczaj\u0105 albo w kt\u00f3rej przebywaj\u0105 lub mog\u0105 przebywa\u0107 ma\u0142oletni;<\/p>\n\n\n\n<p>2)&nbsp;organizatora dzia\u0142alno\u015bci o\u015bwiatowej, opieku\u0144czej, wychowawczej, resocjalizacyjnej, religijnej, artystycznej, medycznej, rekreacyjnej, sportowej lub zwi\u0105zanej z rozwijaniem zainteresowa\u0144 przez ma\u0142oletnich<\/p>\n\n\n\n<p>obowi\u0105zek wprowadzenia standard\u00f3w ochrony ma\u0142oletnich.<\/p>\n\n\n\n<p>Jak wynika z powy\u017cszego nie tylko szko\u0142y ale tak\u017ce <strong>np.<\/strong> <strong>plac\u00f3wki medyczne, apteki, kluby malucha, biura turystyczne<\/strong> (organizuj\u0105ce obozy dla dzieci i m\u0142odzie\u017cy), <strong>firmy eventowe<\/strong> (organizuj\u0105ce eventy, w kt\u00f3rych uczestnicz\u0105 dzieci lub m\u0142odzie\u017c) czy te\u017c <strong>organizatorzy zaj\u0119\u0107 plastycznych dla dzieci i m\u0142odzie\u017cy<\/strong> &#8211; maj\u0105 obowi\u0105zek wprowadzenia standard\u00f3w do 15.08.2024 r.<\/p>\n\n\n\n<p>Wymogi standard\u00f3w zosta\u0142y okre\u015blone w art. 22c ustawy o przeciwdzia\u0142aniu zagro\u017ceniom przest\u0119pczo\u015bci\u0105 na tle seksualnymi ochronie ma\u0142oletnich (nowy tytu\u0142 ustawy od dnia 15.02.2024 r.).<\/p>\n\n\n\n<p>&nbsp;<\/p>\n","protected":false},"excerpt":{"rendered":"<p>W zwi\u0105zku z uchwaleniem ustawy z dnia 28 lipca 2023 r. o zmianie ustawy \u2013 Kodeks rodzinny i opieku\u0144czy oraz niekt\u00f3rych innych ustaw (Dz.U. z 2023 roku, poz. 1606) wprowadzono dla ka\u017cdego: 1)&nbsp;organu zarz\u0105dzaj\u0105cego jednostk\u0105 systemu o\u015bwiaty, o kt\u00f3rej mowa w art. 2 pkt 1-8 ustawy z dnia 14 grudnia 2016 r. &#8211; Prawo o\u015bwiatowe [&hellip;]<\/p>\n","protected":false},"author":1,"featured_media":948,"comment_status":"closed","ping_status":"open","sticky":false,"template":"","format":"standard","meta":[],"categories":[1],"tags":[],"_links":{"self":[{"href":"https:\/\/www.jozefiak.org\/index.php\/wp-json\/wp\/v2\/posts\/1037"}],"collection":[{"href":"https:\/\/www.jozefiak.org\/index.php\/wp-json\/wp\/v2\/posts"}],"about":[{"href":"https:\/\/www.jozefiak.org\/index.php\/wp-json\/wp\/v2\/types\/post"}],"author":[{"embeddable":true,"href":"https:\/\/www.jozefiak.org\/index.php\/wp-json\/wp\/v2\/users\/1"}],"replies":[{"embeddable":true,"href":"https:\/\/www.jozefiak.org\/index.php\/wp-json\/wp\/v2\/comments?post=1037"}],"version-history":[{"count":2,"href":"https:\/\/www.jozefiak.org\/index.php\/wp-json\/wp\/v2\/posts\/1037\/revisions"}],"predecessor-version":[{"id":1039,"href":"https:\/\/www.jozefiak.org\/index.php\/wp-json\/wp\/v2\/posts\/1037\/revisions\/1039"}],"wp:featuredmedia":[{"embeddable":true,"href":"https:\/\/www.jozefiak.org\/index.php\/wp-json\/wp\/v2\/media\/948"}],"wp:attachment":[{"href":"https:\/\/www.jozefiak.org\/index.php\/wp-json\/wp\/v2\/media?parent=1037"}],"wp:term":[{"taxonomy":"category","embeddable":true,"href":"https:\/\/www.jozefiak.org\/index.php\/wp-json\/wp\/v2\/categories?post=1037"},{"taxonomy":"post_tag","embeddable":true,"href":"https:\/\/www.jozefiak.org\/index.php\/wp-json\/wp\/v2\/tags?post=1037"}],"curies":[{"name":"wp","href":"https:\/\/api.w.org\/{rel}","templated":true}]}}