{"id":1040,"date":"2024-02-09T13:44:40","date_gmt":"2024-02-09T13:44:40","guid":{"rendered":"https:\/\/www.jozefiak.org\/?p=1040"},"modified":"2024-02-09T13:44:41","modified_gmt":"2024-02-09T13:44:41","slug":"nalozenie-kary-pienieznej-za-zajecie-pasa-drogowego-przez-kontener-na-odpady","status":"publish","type":"post","link":"https:\/\/www.jozefiak.org\/index.php\/archiwa\/1040","title":{"rendered":"Na\u0142o\u017cenie kary pieni\u0119\u017cnej za zaj\u0119cie pasa drogowego przez kontener na odpady"},"content":{"rendered":"\n<p>Niezmiernie mi\u0142o Nam poinformowa\u0107, i\u017c w dniu dzisiejszym Wojew\u00f3dzki S\u0105d Administracyjny w Poznaniu w szeregu orzecze\u0144 (m.in. III SA\/Po 811\/23,  II SA\/Po 812\/23,  II SA\/Po 813\/23)  przyzna\u0142 racj\u0119 Kancelarii i uchyli\u0142 zaskar\u017cone decyzje organu II instancji oraz poprzedzaj\u0105ce decyzje organu I instancji nak\u0142adaj\u0105ce na Klienta Kancelarii administracyjne kary pieni\u0119\u017cne za zaj\u0119cie pasa drogowego bez wymaganego zezwolenia poprzez posadowienie kontenera na odpady.<\/p>\n\n\n\n<p><strong>S\u0105d jednoznacznie okre\u015bli\u0142, \u017ce organy administracji mylnie uzna\u0142y, i\u017c w\u0142a\u015bciciel kontenera jest podmiotem zobowi\u0105zanym do zap\u0142aty administracyjnej kary pieni\u0119\u017cnej za zaj\u0119cie pasa drogowego<\/strong>. S\u0142usznie bowiem Klient Kancelarii wskazywa\u0142, i\u017c jest on podmiotem \u015bwiadcz\u0105cym us\u0142ugi wynajmu kontener\u00f3w na odpady i wywozu tych odpad\u00f3w &#8211; innymi s\u0142owy to posiadacz kontenera (ten kt\u00f3ry go wynaj\u0105\u0142) powinien wyst\u0105pi\u0107 o wydanie decyzji o zezwoleniu na zaj\u0119cie pasa drogowego a je\u017celi tego nie zrobi\u0142 &#8211; to on jest podmiotem zobowi\u0105zanym do zap\u0142aty administracyjnej kary pieni\u0119\u017cnej z tego tytu\u0142u.<\/p>\n\n\n\n<p>Dodatkowo S\u0105d uzna\u0142 za zasadny zarzut naruszenia przez organy obu instancji przepis\u00f3w k.p.a. dotycz\u0105cych post\u0119powania dowodowego, gdy\u017c pomimo wniosku Strony post\u0119powania (Klienta Kancelarii) nie wezwano ani w charakterze \u015bwiadka ani w charakterze Strony &#8211; podmiotu wskazanego przez Klienta Kancelarii.<\/p>\n","protected":false},"excerpt":{"rendered":"<p>Niezmiernie mi\u0142o Nam poinformowa\u0107, i\u017c w dniu dzisiejszym Wojew\u00f3dzki S\u0105d Administracyjny w Poznaniu w szeregu orzecze\u0144 (m.in. III SA\/Po 811\/23, II SA\/Po 812\/23, II SA\/Po 813\/23) przyzna\u0142 racj\u0119 Kancelarii i uchyli\u0142 zaskar\u017cone decyzje organu II instancji oraz poprzedzaj\u0105ce decyzje organu I instancji nak\u0142adaj\u0105ce na Klienta Kancelarii administracyjne kary pieni\u0119\u017cne za zaj\u0119cie pasa drogowego bez wymaganego [&hellip;]<\/p>\n","protected":false},"author":1,"featured_media":972,"comment_status":"closed","ping_status":"open","sticky":false,"template":"","format":"standard","meta":[],"categories":[1],"tags":[],"_links":{"self":[{"href":"https:\/\/www.jozefiak.org\/index.php\/wp-json\/wp\/v2\/posts\/1040"}],"collection":[{"href":"https:\/\/www.jozefiak.org\/index.php\/wp-json\/wp\/v2\/posts"}],"about":[{"href":"https:\/\/www.jozefiak.org\/index.php\/wp-json\/wp\/v2\/types\/post"}],"author":[{"embeddable":true,"href":"https:\/\/www.jozefiak.org\/index.php\/wp-json\/wp\/v2\/users\/1"}],"replies":[{"embeddable":true,"href":"https:\/\/www.jozefiak.org\/index.php\/wp-json\/wp\/v2\/comments?post=1040"}],"version-history":[{"count":1,"href":"https:\/\/www.jozefiak.org\/index.php\/wp-json\/wp\/v2\/posts\/1040\/revisions"}],"predecessor-version":[{"id":1041,"href":"https:\/\/www.jozefiak.org\/index.php\/wp-json\/wp\/v2\/posts\/1040\/revisions\/1041"}],"wp:featuredmedia":[{"embeddable":true,"href":"https:\/\/www.jozefiak.org\/index.php\/wp-json\/wp\/v2\/media\/972"}],"wp:attachment":[{"href":"https:\/\/www.jozefiak.org\/index.php\/wp-json\/wp\/v2\/media?parent=1040"}],"wp:term":[{"taxonomy":"category","embeddable":true,"href":"https:\/\/www.jozefiak.org\/index.php\/wp-json\/wp\/v2\/categories?post=1040"},{"taxonomy":"post_tag","embeddable":true,"href":"https:\/\/www.jozefiak.org\/index.php\/wp-json\/wp\/v2\/tags?post=1040"}],"curies":[{"name":"wp","href":"https:\/\/api.w.org\/{rel}","templated":true}]}}