{"id":1044,"date":"2024-03-28T16:12:04","date_gmt":"2024-03-28T16:12:04","guid":{"rendered":"https:\/\/www.jozefiak.org\/?p=1044"},"modified":"2024-03-29T06:29:20","modified_gmt":"2024-03-29T06:29:20","slug":"kolejna-wygrana-sprawa-o-odszkodowanie","status":"publish","type":"post","link":"https:\/\/www.jozefiak.org\/index.php\/archiwa\/1044","title":{"rendered":"Kolejna wygrana sprawa o zado\u015b\u0107uczynienie"},"content":{"rendered":"\n<p>Mi\u0142o Nam poinformowa\u0107, i\u017c pracownicy Kancelarii odnie\u015bli kolejny sukces. S\u0105d Okr\u0119gowy w Poznaniu prawomocnie oddali\u0142 apelacj\u0119 Pozwanych oraz interwenienta ubocznego w sprawie dotycz\u0105cej ustalenia odpowiedzialno\u015bci i wysoko\u015bci zado\u015b\u0107uczynienia za wypadek.<\/p>\n\n\n\n<p>Poszkodowana, na skutek zawinienia w\u0142a\u015bcicieli nieruchomo\u015bci, dozna\u0142a urazu kr\u0119gos\u0142upa w styczniu 2019 r. Dzi\u0119ki pracy ca\u0142ego zespo\u0142u Kancelarii, tu\u017c przed \u015awi\u0119tami Wielkanocnymi, mog\u0142a us\u0142ysze\u0107 prawomocny wyrok zas\u0105dzaj\u0105cy zado\u015b\u0107uczynienie w wysoko\u015bci kilkudziesi\u0119ciu tysi\u0119cy z\u0142otych wraz z odsetkami od lipca 2020 r. Dodatkowo S\u0105d ustali\u0142 odpowiedzialno\u015b\u0107 Pozwanych na przysz\u0142o\u015b\u0107. <\/p>\n\n\n\n<p>Jest to tym wi\u0119kszy sukces, \u017ce interwencj\u0119 po stronie Pozwanych, z\u0142o\u017cy\u0142 znany pozna\u0144ski radca prawny, a S\u0105d I, jak i II instancji skutecznie obali\u0142 wszelkie jego argumenty.<\/p>\n","protected":false},"excerpt":{"rendered":"<p>Mi\u0142o Nam poinformowa\u0107, i\u017c pracownicy Kancelarii odnie\u015bli kolejny sukces. S\u0105d Okr\u0119gowy w Poznaniu prawomocnie oddali\u0142 apelacj\u0119 Pozwanych oraz interwenienta ubocznego w sprawie dotycz\u0105cej ustalenia odpowiedzialno\u015bci i wysoko\u015bci zado\u015b\u0107uczynienia za wypadek. Poszkodowana, na skutek zawinienia w\u0142a\u015bcicieli nieruchomo\u015bci, dozna\u0142a urazu kr\u0119gos\u0142upa w styczniu 2019 r. Dzi\u0119ki pracy ca\u0142ego zespo\u0142u Kancelarii, tu\u017c przed \u015awi\u0119tami Wielkanocnymi, mog\u0142a us\u0142ysze\u0107 prawomocny [&hellip;]<\/p>\n","protected":false},"author":1,"featured_media":918,"comment_status":"closed","ping_status":"open","sticky":false,"template":"","format":"standard","meta":[],"categories":[1],"tags":[],"_links":{"self":[{"href":"https:\/\/www.jozefiak.org\/index.php\/wp-json\/wp\/v2\/posts\/1044"}],"collection":[{"href":"https:\/\/www.jozefiak.org\/index.php\/wp-json\/wp\/v2\/posts"}],"about":[{"href":"https:\/\/www.jozefiak.org\/index.php\/wp-json\/wp\/v2\/types\/post"}],"author":[{"embeddable":true,"href":"https:\/\/www.jozefiak.org\/index.php\/wp-json\/wp\/v2\/users\/1"}],"replies":[{"embeddable":true,"href":"https:\/\/www.jozefiak.org\/index.php\/wp-json\/wp\/v2\/comments?post=1044"}],"version-history":[{"count":3,"href":"https:\/\/www.jozefiak.org\/index.php\/wp-json\/wp\/v2\/posts\/1044\/revisions"}],"predecessor-version":[{"id":1047,"href":"https:\/\/www.jozefiak.org\/index.php\/wp-json\/wp\/v2\/posts\/1044\/revisions\/1047"}],"wp:featuredmedia":[{"embeddable":true,"href":"https:\/\/www.jozefiak.org\/index.php\/wp-json\/wp\/v2\/media\/918"}],"wp:attachment":[{"href":"https:\/\/www.jozefiak.org\/index.php\/wp-json\/wp\/v2\/media?parent=1044"}],"wp:term":[{"taxonomy":"category","embeddable":true,"href":"https:\/\/www.jozefiak.org\/index.php\/wp-json\/wp\/v2\/categories?post=1044"},{"taxonomy":"post_tag","embeddable":true,"href":"https:\/\/www.jozefiak.org\/index.php\/wp-json\/wp\/v2\/tags?post=1044"}],"curies":[{"name":"wp","href":"https:\/\/api.w.org\/{rel}","templated":true}]}}