{"id":1085,"date":"2024-12-20T13:34:16","date_gmt":"2024-12-20T13:34:16","guid":{"rendered":"https:\/\/www.jozefiak.org\/?p=1085"},"modified":"2024-12-20T13:34:58","modified_gmt":"2024-12-20T13:34:58","slug":"wygrana-w-sprawie-karnej","status":"publish","type":"post","link":"https:\/\/www.jozefiak.org\/index.php\/archiwa\/1085","title":{"rendered":"Wygrana w sprawie karnej"},"content":{"rendered":"\n<p>Mi\u0142o Nam poinformowa\u0107 tym razem o sukcesie w sprawie karnej. Zesp\u00f3\u0142 Kancelarii reprezentowa\u0142 oskar\u017cyciela posi\u0142kowego, kt\u00f3ry wsp\u00f3lnie z Prokuratur\u0105 domaga\u0142 si\u0119 poci\u0105gni\u0119cia do odpowiedzialno\u015bci oskar\u017conego z tytu\u0142u czynu zabronionego okre\u015blonego w przepisie art. 190a Kodeksu Karnego.<\/p>\n\n\n\n<p>S\u0105d I instancji w ca\u0142o\u015bci przychyli\u0142 si\u0119 do stanowiska Prokuratury i oskar\u017cyciela posi\u0142kowego a tym samym skaza\u0142 oskar\u017conego na: kar\u0119 grzywny; zakazu kontaktowania si\u0119 z oskar\u017cycielem posi\u0142kowym na okres 3 lat z wy\u0142\u0105czeniem spraw dot. wsp\u00f3lnych dzieci; zakaz zbli\u017cania si\u0119 do oskar\u017cyciela posi\u0142kowego na odleg\u0142o\u015b\u0107 mniejsz\u0105 ni\u017c 20 metr\u00f3w na okres 3 lat.<\/p>\n\n\n\n<p>Jest to tym wi\u0119kszy sukces, \u017ce pierwsze zawiadomienie o przest\u0119pstwie by\u0142o ponad 2 lata temu i tylko dzi\u0119ki pracy pracownik\u00f3w Kancelarii i skutecznemu zaskar\u017caniu postanowie\u0144 Prokuratury o odmowie wszcz\u0119cia post\u0119powania uda\u0142o si\u0119 doprowadzi\u0107 do sukcesu.<\/p>\n\n\n\n<p>Cieszymy si\u0119 najbardziej z tego, \u017ce Klient Kancelarii ma zapewniony spok\u00f3j. Na marginesie mo\u017cna doda\u0107 jedynie, \u017ce S\u0105d uzna\u0142, i\u017c wysy\u0142anie kilkuset wiadomo\u015bci tekstowych w ci\u0105gu jednego dnia mo\u017cna uzna\u0107 za n\u0119kanie.<\/p>\n","protected":false},"excerpt":{"rendered":"<p>Mi\u0142o Nam poinformowa\u0107 tym razem o sukcesie w sprawie karnej. Zesp\u00f3\u0142 Kancelarii reprezentowa\u0142 oskar\u017cyciela posi\u0142kowego, kt\u00f3ry wsp\u00f3lnie z Prokuratur\u0105 domaga\u0142 si\u0119 poci\u0105gni\u0119cia do odpowiedzialno\u015bci oskar\u017conego z tytu\u0142u czynu zabronionego okre\u015blonego w przepisie art. 190a Kodeksu Karnego. S\u0105d I instancji w ca\u0142o\u015bci przychyli\u0142 si\u0119 do stanowiska Prokuratury i oskar\u017cyciela posi\u0142kowego a tym samym skaza\u0142 oskar\u017conego na: [&hellip;]<\/p>\n","protected":false},"author":1,"featured_media":930,"comment_status":"closed","ping_status":"open","sticky":false,"template":"","format":"standard","meta":[],"categories":[1],"tags":[],"_links":{"self":[{"href":"https:\/\/www.jozefiak.org\/index.php\/wp-json\/wp\/v2\/posts\/1085"}],"collection":[{"href":"https:\/\/www.jozefiak.org\/index.php\/wp-json\/wp\/v2\/posts"}],"about":[{"href":"https:\/\/www.jozefiak.org\/index.php\/wp-json\/wp\/v2\/types\/post"}],"author":[{"embeddable":true,"href":"https:\/\/www.jozefiak.org\/index.php\/wp-json\/wp\/v2\/users\/1"}],"replies":[{"embeddable":true,"href":"https:\/\/www.jozefiak.org\/index.php\/wp-json\/wp\/v2\/comments?post=1085"}],"version-history":[{"count":1,"href":"https:\/\/www.jozefiak.org\/index.php\/wp-json\/wp\/v2\/posts\/1085\/revisions"}],"predecessor-version":[{"id":1086,"href":"https:\/\/www.jozefiak.org\/index.php\/wp-json\/wp\/v2\/posts\/1085\/revisions\/1086"}],"wp:featuredmedia":[{"embeddable":true,"href":"https:\/\/www.jozefiak.org\/index.php\/wp-json\/wp\/v2\/media\/930"}],"wp:attachment":[{"href":"https:\/\/www.jozefiak.org\/index.php\/wp-json\/wp\/v2\/media?parent=1085"}],"wp:term":[{"taxonomy":"category","embeddable":true,"href":"https:\/\/www.jozefiak.org\/index.php\/wp-json\/wp\/v2\/categories?post=1085"},{"taxonomy":"post_tag","embeddable":true,"href":"https:\/\/www.jozefiak.org\/index.php\/wp-json\/wp\/v2\/tags?post=1085"}],"curies":[{"name":"wp","href":"https:\/\/api.w.org\/{rel}","templated":true}]}}