{"id":1092,"date":"2025-03-04T06:37:52","date_gmt":"2025-03-04T06:37:52","guid":{"rendered":"https:\/\/www.jozefiak.org\/?p=1092"},"modified":"2025-03-04T06:37:53","modified_gmt":"2025-03-04T06:37:53","slug":"prawomocne-ukaranie-sprawcow-naduzycia-wladzy","status":"publish","type":"post","link":"https:\/\/www.jozefiak.org\/index.php\/archiwa\/1092","title":{"rendered":"Prawomocne ukaranie sprawc\u00f3w nadu\u017cycia w\u0142adzy"},"content":{"rendered":"\n<p>Mi\u0142o Nam poinformowa\u0107, i\u017c dzi\u0119ki pracy Pracownik\u00f3w Kancelarii, dw\u00f3ch policjant\u00f3w, kt\u00f3rzy nadu\u017cyli w\u0142adzy oraz sk\u0142adali fa\u0142szywe zeznania przeciwko Klientowi Kancelarii zosta\u0142o prawomocnie skazanych na kary pozbawienia wolno\u015bci w zawieszeniu oraz zap\u0142aty nawi\u0105zki na rzecz pokrzywdzonego.<\/p>\n\n\n\n<p>S\u0105d Okr\u0119gowy w Radomiu wyrokiem z dnia 26.02.2025 r. sygn. akt V Ka 29\/25  oddali\u0142 apelacje oskar\u017conych w zwi\u0105zku z czym s\u0105 oni prawomocnie skazani na kary pozbawienia wolno\u015bci w zawieszeniu oraz obowi\u0105zek zap\u0142aty nawi\u0105zki na rzecz pokrzywdzonego &#8211; oskar\u017cyciela posi\u0142kowego. <\/p>\n\n\n\n<p>Klient Kancelarii zosta\u0142 nies\u0142usznie oskar\u017cony i prawomocnie uniewinniony w roku 2020 i dopiero od tego momentu mo\u017cna by\u0142o oskar\u017cy\u0107 sprawc\u00f3w. W pierwszym procesie zostali uniewinnieni a wyrok zosta\u0142 skutecznie zaskar\u017cony przez prokuratur\u0119 i oskar\u017cyciela posi\u0142kowego. W drugim procesie zostali skazani a S\u0105d Okr\u0119gowy w Radomiu prawomocnie oddali\u0142 ich apelacje. Tym samym po prawie 5 latach Klient Kancelarii ma poczucie sprawiedliwo\u015bci.<\/p>\n","protected":false},"excerpt":{"rendered":"<p>Mi\u0142o Nam poinformowa\u0107, i\u017c dzi\u0119ki pracy Pracownik\u00f3w Kancelarii, dw\u00f3ch policjant\u00f3w, kt\u00f3rzy nadu\u017cyli w\u0142adzy oraz sk\u0142adali fa\u0142szywe zeznania przeciwko Klientowi Kancelarii zosta\u0142o prawomocnie skazanych na kary pozbawienia wolno\u015bci w zawieszeniu oraz zap\u0142aty nawi\u0105zki na rzecz pokrzywdzonego. S\u0105d Okr\u0119gowy w Radomiu wyrokiem z dnia 26.02.2025 r. sygn. akt V Ka 29\/25 oddali\u0142 apelacje oskar\u017conych w zwi\u0105zku z [&hellip;]<\/p>\n","protected":false},"author":1,"featured_media":922,"comment_status":"closed","ping_status":"open","sticky":false,"template":"","format":"standard","meta":[],"categories":[1],"tags":[],"_links":{"self":[{"href":"https:\/\/www.jozefiak.org\/index.php\/wp-json\/wp\/v2\/posts\/1092"}],"collection":[{"href":"https:\/\/www.jozefiak.org\/index.php\/wp-json\/wp\/v2\/posts"}],"about":[{"href":"https:\/\/www.jozefiak.org\/index.php\/wp-json\/wp\/v2\/types\/post"}],"author":[{"embeddable":true,"href":"https:\/\/www.jozefiak.org\/index.php\/wp-json\/wp\/v2\/users\/1"}],"replies":[{"embeddable":true,"href":"https:\/\/www.jozefiak.org\/index.php\/wp-json\/wp\/v2\/comments?post=1092"}],"version-history":[{"count":1,"href":"https:\/\/www.jozefiak.org\/index.php\/wp-json\/wp\/v2\/posts\/1092\/revisions"}],"predecessor-version":[{"id":1093,"href":"https:\/\/www.jozefiak.org\/index.php\/wp-json\/wp\/v2\/posts\/1092\/revisions\/1093"}],"wp:featuredmedia":[{"embeddable":true,"href":"https:\/\/www.jozefiak.org\/index.php\/wp-json\/wp\/v2\/media\/922"}],"wp:attachment":[{"href":"https:\/\/www.jozefiak.org\/index.php\/wp-json\/wp\/v2\/media?parent=1092"}],"wp:term":[{"taxonomy":"category","embeddable":true,"href":"https:\/\/www.jozefiak.org\/index.php\/wp-json\/wp\/v2\/categories?post=1092"},{"taxonomy":"post_tag","embeddable":true,"href":"https:\/\/www.jozefiak.org\/index.php\/wp-json\/wp\/v2\/tags?post=1092"}],"curies":[{"name":"wp","href":"https:\/\/api.w.org\/{rel}","templated":true}]}}