{"id":1094,"date":"2025-03-18T10:07:23","date_gmt":"2025-03-18T10:07:23","guid":{"rendered":"https:\/\/www.jozefiak.org\/?p=1094"},"modified":"2025-03-18T10:07:23","modified_gmt":"2025-03-18T10:07:23","slug":"wygrana-przed-wsa","status":"publish","type":"post","link":"https:\/\/www.jozefiak.org\/index.php\/archiwa\/1094","title":{"rendered":"Wygrana przed WSA"},"content":{"rendered":"\n<p>Mi\u0142o Nam poinformowa\u0107, i\u017c w dniu dzisiejszym Wojew\u00f3dzki S\u0105d Administracyjny w Poznaniu (sygn. akt III SA\/Po 633\/24) przyzna\u0142 racj\u0119 argumentom podniesionym przez Kancelari\u0119 i uchyli\u0142 niekorzystne decyzje wydane przez ARiMR w sprawie przyznania p\u0142atno\u015bci bezpo\u015brednich i przej\u015bciowego wsparcia krajowego w ramach Planu Strategicznego dla Wsp\u00f3lnej Polityki rolnej na alta 2023-2027.<\/p>\n\n\n\n<p>Uchylaj\u0105c zaskar\u017con\u0105 decyzj\u0119 organu II instancji oraz poprzedzaj\u0105c\u0105 j\u0105 decyzj\u0119 organu I instancji, S\u0105d jednoznacznie wskaza\u0142, i\u017c by\u0142y one oparte o rozporz\u0105dzenie, kt\u00f3re by\u0142o wydane niezgodnie z prawem unijnym oraz ustaw\u0105 krajow\u0105. Klient Kancelarii nie uzyska\u0142 dop\u0142at do ziemi rolnej, gdy\u017c jednocze\u015bnie <strong>prowadzi dzia\u0142alno\u015b\u0107 w zakresie transportu drogowego<\/strong>. Rozporz\u0105dzenie  Ministra Rolnictwa i Rozwoju Wsi z dnia 10.03.2023 r. w sprawie szczeg\u00f3\u0142owych warunk\u00f3w i szczeg\u00f3\u0142owego trybu przyznawania i wyp\u0142aty podstawowego wsparcia dochod\u00f3w, p\u0142atno\u015bci redystrybucyjnej, p\u0142atno\u015bci dla m\u0142odych rolnik\u00f3w, p\u0142atno\u015bci zwi\u0105zanych z produkcj\u0105 do powierzchni upraw i p\u0142atno\u015bci zwi\u0105zanych z produkcj\u0105 do zwierz\u0105t, p\u0142atno\u015bci dla ma\u0142ych gospodarstw i przej\u015bciowego wsparcia krajowego w ramach Planu Strategicznego dla Wsp\u00f3lnej Polityki Rolnej na lata 2023-2027, w oparciu o kt\u00f3re wydano rozstrzygni\u0119cie w spos\u00f3b nieprawid\u0142owy implementuje przepis art. 24 <strong> <\/strong>ustawy o Planie Strategicznym dla Wsp\u00f3lnej Polityki Rolnej na lata 2023-2027. Zgodnie ze stanowiskiem S\u0105du, ustawa oraz  rozporz\u0105dzenie Parlamentu Europejskiego i Rady (UE)\u00a0<a href=\"https:\/\/sip.legalis.pl\/document-view.seam?documentId=mfrxilrtg4ytmojtguztgltqmfyc4nrrgm3dkmzxgq&amp;refSource=hyp\">2021\/2115<\/a>\u00a0z dnia 2 grudnia 2021 r. ustanawiaj\u0105cego przepisy dotycz\u0105ce wsparcia plan\u00f3w strategicznych sporz\u0105dzanych przez pa\u0144stwa cz\u0142onkowskie w ramach wsp\u00f3lnej polityki rolnej (plan\u00f3w strategicznych WPR) i finansowanych z Europejskiego Funduszu Rolniczego Gwarancji (EFRG) i z Europejskiego Funduszu Rolnego na rzecz Rozwoju Obszar\u00f3w Wiejskich (EFRROW) <strong>dotycz\u0105 transportu kolejowego<\/strong> a nie drogowego.<\/p>\n\n\n\n<p>Tym samym ww. rozporz\u0105dzenie  Ministra Rolnictwa i Rozwoju Wsi z dnia 10.03.2023 r.  zosta\u0142o wydane z przekroczeniem delegacji ustawowej i nie mo\u017ce by\u0107 podstaw\u0105 wydania decyzji administracyjnych.<\/p>\n","protected":false},"excerpt":{"rendered":"<p>Mi\u0142o Nam poinformowa\u0107, i\u017c w dniu dzisiejszym Wojew\u00f3dzki S\u0105d Administracyjny w Poznaniu (sygn. akt III SA\/Po 633\/24) przyzna\u0142 racj\u0119 argumentom podniesionym przez Kancelari\u0119 i uchyli\u0142 niekorzystne decyzje wydane przez ARiMR w sprawie przyznania p\u0142atno\u015bci bezpo\u015brednich i przej\u015bciowego wsparcia krajowego w ramach Planu Strategicznego dla Wsp\u00f3lnej Polityki rolnej na alta 2023-2027. Uchylaj\u0105c zaskar\u017con\u0105 decyzj\u0119 organu II [&hellip;]<\/p>\n","protected":false},"author":1,"featured_media":914,"comment_status":"closed","ping_status":"open","sticky":false,"template":"","format":"standard","meta":[],"categories":[1],"tags":[],"_links":{"self":[{"href":"https:\/\/www.jozefiak.org\/index.php\/wp-json\/wp\/v2\/posts\/1094"}],"collection":[{"href":"https:\/\/www.jozefiak.org\/index.php\/wp-json\/wp\/v2\/posts"}],"about":[{"href":"https:\/\/www.jozefiak.org\/index.php\/wp-json\/wp\/v2\/types\/post"}],"author":[{"embeddable":true,"href":"https:\/\/www.jozefiak.org\/index.php\/wp-json\/wp\/v2\/users\/1"}],"replies":[{"embeddable":true,"href":"https:\/\/www.jozefiak.org\/index.php\/wp-json\/wp\/v2\/comments?post=1094"}],"version-history":[{"count":1,"href":"https:\/\/www.jozefiak.org\/index.php\/wp-json\/wp\/v2\/posts\/1094\/revisions"}],"predecessor-version":[{"id":1095,"href":"https:\/\/www.jozefiak.org\/index.php\/wp-json\/wp\/v2\/posts\/1094\/revisions\/1095"}],"wp:featuredmedia":[{"embeddable":true,"href":"https:\/\/www.jozefiak.org\/index.php\/wp-json\/wp\/v2\/media\/914"}],"wp:attachment":[{"href":"https:\/\/www.jozefiak.org\/index.php\/wp-json\/wp\/v2\/media?parent=1094"}],"wp:term":[{"taxonomy":"category","embeddable":true,"href":"https:\/\/www.jozefiak.org\/index.php\/wp-json\/wp\/v2\/categories?post=1094"},{"taxonomy":"post_tag","embeddable":true,"href":"https:\/\/www.jozefiak.org\/index.php\/wp-json\/wp\/v2\/tags?post=1094"}],"curies":[{"name":"wp","href":"https:\/\/api.w.org\/{rel}","templated":true}]}}