{"id":1107,"date":"2025-10-07T18:01:15","date_gmt":"2025-10-07T18:01:15","guid":{"rendered":"https:\/\/www.jozefiak.org\/?p=1107"},"modified":"2025-10-07T18:01:15","modified_gmt":"2025-10-07T18:01:15","slug":"wygrana-po-5-latach","status":"publish","type":"post","link":"https:\/\/www.jozefiak.org\/index.php\/archiwa\/1107","title":{"rendered":"Wygrana po 5 latach"},"content":{"rendered":"\n<p>Mi\u0142o Nam poinformowa\u0107, i\u017c dzi\u0119ki wieloletniej pracy Pracownik\u00f3w Kancelarii, S\u0105d Apelacyjny w Poznaniu prawomocnie oddali\u0142 apelacj\u0119 belgijskiego ubezpieczyciela a tym samym zas\u0105dzi\u0142 na rzecz Klienta Kancelarii ponad 100.000 z\u0142 odszkodowania.<\/p>\n\n\n\n<p>Sprawa mia\u0142a sw\u00f3j pocz\u0105tek w wypadku drogowym, kt\u00f3ry mia\u0142 miejsce w 2019 r. na terenie Belgii. W zdarzeniu opr\u00f3cz samochodu polskiego Klienta Kancelarii uczestniczy\u0142y r\u00f3wnie\u017c samochody z innych Pa\u0144stw Unii Europejskiej. S\u0105d policyjny w Belgii uzna\u0142 win\u0119 polskiego kierowcy. Klient Kancelarii nie zgadzaj\u0105c si\u0119 z tym wyrokiem wyst\u0105pi\u0142 w Polsce przeciwko belgijskiemu ubezpieczycielowi pojazdu, kt\u00f3ry ich zdaniem by\u0142 faktycznym sprawc\u0105 zdarzenia, o odszkodowanie. S\u0105d I instancji, po przeprowadzeniu dowodu z opinii bieg\u0142ego s\u0105dowego, uzna\u0142, \u017ce winny szkodzie by\u0142 pojazd ubezpieczony w belgijskiej firmie. S\u0105d Apelacyjny w ca\u0142o\u015bci uzna\u0142 za zasadne stanowisko s\u0105du ni\u017cszej instancji i prawomocnie oddali\u0142 apelacj\u0119 a tym samym belgijski ubezpieczyciel po ponad 5 latach od zdarzenia b\u0119dzie musia\u0142 wyp\u0142aci\u0107 odszkodowanie.<\/p>\n\n\n\n<p>Co ciekawe, z uwagi na fakt, \u017ce zdarzenie mia\u0142o miejsce na terenie Belgii, s\u0105d polski stosowa\u0142 belgijskie prawo materialne. Jednocze\u015bnie s\u0105d polski jednoznacznie stwierdzi\u0142, \u017ce belgijski s\u0105d policyjny nie jest s\u0105dem w rozumieniu przepis\u00f3w UE.<\/p>\n","protected":false},"excerpt":{"rendered":"<p>Mi\u0142o Nam poinformowa\u0107, i\u017c dzi\u0119ki wieloletniej pracy Pracownik\u00f3w Kancelarii, S\u0105d Apelacyjny w Poznaniu prawomocnie oddali\u0142 apelacj\u0119 belgijskiego ubezpieczyciela a tym samym zas\u0105dzi\u0142 na rzecz Klienta Kancelarii ponad 100.000 z\u0142 odszkodowania. Sprawa mia\u0142a sw\u00f3j pocz\u0105tek w wypadku drogowym, kt\u00f3ry mia\u0142 miejsce w 2019 r. na terenie Belgii. W zdarzeniu opr\u00f3cz samochodu polskiego Klienta Kancelarii uczestniczy\u0142y r\u00f3wnie\u017c [&hellip;]<\/p>\n","protected":false},"author":1,"featured_media":968,"comment_status":"closed","ping_status":"open","sticky":false,"template":"","format":"standard","meta":[],"categories":[1],"tags":[],"_links":{"self":[{"href":"https:\/\/www.jozefiak.org\/index.php\/wp-json\/wp\/v2\/posts\/1107"}],"collection":[{"href":"https:\/\/www.jozefiak.org\/index.php\/wp-json\/wp\/v2\/posts"}],"about":[{"href":"https:\/\/www.jozefiak.org\/index.php\/wp-json\/wp\/v2\/types\/post"}],"author":[{"embeddable":true,"href":"https:\/\/www.jozefiak.org\/index.php\/wp-json\/wp\/v2\/users\/1"}],"replies":[{"embeddable":true,"href":"https:\/\/www.jozefiak.org\/index.php\/wp-json\/wp\/v2\/comments?post=1107"}],"version-history":[{"count":1,"href":"https:\/\/www.jozefiak.org\/index.php\/wp-json\/wp\/v2\/posts\/1107\/revisions"}],"predecessor-version":[{"id":1108,"href":"https:\/\/www.jozefiak.org\/index.php\/wp-json\/wp\/v2\/posts\/1107\/revisions\/1108"}],"wp:featuredmedia":[{"embeddable":true,"href":"https:\/\/www.jozefiak.org\/index.php\/wp-json\/wp\/v2\/media\/968"}],"wp:attachment":[{"href":"https:\/\/www.jozefiak.org\/index.php\/wp-json\/wp\/v2\/media?parent=1107"}],"wp:term":[{"taxonomy":"category","embeddable":true,"href":"https:\/\/www.jozefiak.org\/index.php\/wp-json\/wp\/v2\/categories?post=1107"},{"taxonomy":"post_tag","embeddable":true,"href":"https:\/\/www.jozefiak.org\/index.php\/wp-json\/wp\/v2\/tags?post=1107"}],"curies":[{"name":"wp","href":"https:\/\/api.w.org\/{rel}","templated":true}]}}