{"id":921,"date":"2021-10-04T06:17:06","date_gmt":"2021-10-04T06:17:06","guid":{"rendered":"https:\/\/www.jozefiak.org\/?p=921"},"modified":"2021-10-04T06:17:07","modified_gmt":"2021-10-04T06:17:07","slug":"zaklady-pracy-chronionej-zwolnione-z-oplaty-abonamentowej","status":"publish","type":"post","link":"https:\/\/www.jozefiak.org\/index.php\/archiwa\/921","title":{"rendered":"Zak\u0142ady pracy chronionej zwolnione z op\u0142aty abonamentowej"},"content":{"rendered":"\n<p>Uprzejmie informujemy, i\u017c Wojew\u00f3dzki S\u0105d Administracyjny w Warszawie w wyroku z dnia 19.08.2021 r. sygn. akt VI SA\/Wa 1414\/21, potwierdzi\u0142 stanowisko Naszej Kancelarii, i\u017c zak\u0142ady pracy chronionej zwolnione s\u0105 z op\u0142aty RTV &#8211; tzw. op\u0142aty abonamentowej.<\/p>\n\n\n\n<p><br>W analogicznym okresie czasu, w kt\u00f3rym procedowana by\u0142a przed Wojew\u00f3dzkim Sadem Administracyjnym sprawa prowadzona przez Kancelari\u0119, Naczelny S\u0105d Administracyjny dokona\u0142 wyk\u0142adni przepis\u00f3w prawa w wyroku z dnia 29 kwietnia 2021r., w sprawie o sygn. akt II GSK 772\/18, w kt\u00f3rym to stwierdzi\u0142 jednoznacznie, \u017ce zwolnienie, o kt\u00f3rym mowa w art. 31 ust. 1 pkt 2 Ustawy o rehabilitacji zawodowej i spo\u0142ecznej oraz zatrudnianiu os\u00f3b niepe\u0142nosprawnych znajduje bezpo\u015brednie zastosowanie do op\u0142at okre\u015blonych w art. 2 ust. 1 ustawy o op\u0142atach abonamentowych &#8211; co w skr\u00f3cie oznacza, \u017ce <strong>zak\u0142ady pracy chronionej zwolnione s\u0105 od obowi\u0105zku regulowania tzw. op\u0142aty abonamentowej.<\/strong><\/p>\n\n\n\n<p>Tym samym mo\u017cliwe jest dochodzenie nienale\u017cnie uiszczonych op\u0142at przez ww. zak\u0142ady do 5 lat wstecz \u2013 wystarczy z\u0142o\u017cy\u0107 stosowny wniosek.<\/p>\n","protected":false},"excerpt":{"rendered":"<p>Uprzejmie informujemy, i\u017c Wojew\u00f3dzki S\u0105d Administracyjny w Warszawie w wyroku z dnia 19.08.2021 r. sygn. akt VI SA\/Wa 1414\/21, potwierdzi\u0142 stanowisko Naszej Kancelarii, i\u017c zak\u0142ady pracy chronionej zwolnione s\u0105 z op\u0142aty RTV &#8211; tzw. op\u0142aty abonamentowej. W analogicznym okresie czasu, w kt\u00f3rym procedowana by\u0142a przed Wojew\u00f3dzkim Sadem Administracyjnym sprawa prowadzona przez Kancelari\u0119, Naczelny S\u0105d Administracyjny [&hellip;]<\/p>\n","protected":false},"author":1,"featured_media":922,"comment_status":"closed","ping_status":"open","sticky":false,"template":"","format":"standard","meta":[],"categories":[1],"tags":[],"_links":{"self":[{"href":"https:\/\/www.jozefiak.org\/index.php\/wp-json\/wp\/v2\/posts\/921"}],"collection":[{"href":"https:\/\/www.jozefiak.org\/index.php\/wp-json\/wp\/v2\/posts"}],"about":[{"href":"https:\/\/www.jozefiak.org\/index.php\/wp-json\/wp\/v2\/types\/post"}],"author":[{"embeddable":true,"href":"https:\/\/www.jozefiak.org\/index.php\/wp-json\/wp\/v2\/users\/1"}],"replies":[{"embeddable":true,"href":"https:\/\/www.jozefiak.org\/index.php\/wp-json\/wp\/v2\/comments?post=921"}],"version-history":[{"count":1,"href":"https:\/\/www.jozefiak.org\/index.php\/wp-json\/wp\/v2\/posts\/921\/revisions"}],"predecessor-version":[{"id":923,"href":"https:\/\/www.jozefiak.org\/index.php\/wp-json\/wp\/v2\/posts\/921\/revisions\/923"}],"wp:featuredmedia":[{"embeddable":true,"href":"https:\/\/www.jozefiak.org\/index.php\/wp-json\/wp\/v2\/media\/922"}],"wp:attachment":[{"href":"https:\/\/www.jozefiak.org\/index.php\/wp-json\/wp\/v2\/media?parent=921"}],"wp:term":[{"taxonomy":"category","embeddable":true,"href":"https:\/\/www.jozefiak.org\/index.php\/wp-json\/wp\/v2\/categories?post=921"},{"taxonomy":"post_tag","embeddable":true,"href":"https:\/\/www.jozefiak.org\/index.php\/wp-json\/wp\/v2\/tags?post=921"}],"curies":[{"name":"wp","href":"https:\/\/api.w.org\/{rel}","templated":true}]}}