{"id":925,"date":"2021-10-27T11:49:21","date_gmt":"2021-10-27T11:49:21","guid":{"rendered":"https:\/\/www.jozefiak.org\/?p=925"},"modified":"2021-10-27T11:49:21","modified_gmt":"2021-10-27T11:49:21","slug":"naczelny-sad-administracyjny-podziela-stanowisko-kancelarii","status":"publish","type":"post","link":"https:\/\/www.jozefiak.org\/index.php\/archiwa\/925","title":{"rendered":"Naczelny S\u0105d Administracyjny podziela stanowisko Kancelarii"},"content":{"rendered":"\n<p>Z rado\u015bci\u0105 informujemy, i\u017c Naczelny S\u0105d Administracji ca\u0142kowicie popar\u0142 stanowisko Kancelarii i uzna\u0142, \u017ce informacja w\u0142a\u015bciwej instytucji o pozostawieniu wniosku bez rozpatrzenia z powodu nieuzupe\u0142nienia w terminie stwierdzonych brak\u00f3w w zakresie warunk\u00f3w formalnych we wniosku o dofinansowanie projektu jest aktem z zakresu administracji publicznej podlegaj\u0105cym kontroli s\u0105dowoadministracyjnej (por. postanowienie NSA z dnia 22.07.2021, sygn. akt I GSK 512\/21 i I GSK 511\/21). Tym samym mo\u017cliwe jest zainicjowanie procedury przed w\u0142a\u015bciwym miejscowo Wojew\u00f3dzkim S\u0105dem Administracyjnym o przyznanie dotacji ze \u015brodk\u00f3w UE w przypadku pozostawienia wniosku bez rozpatrzenia.<\/p>\n","protected":false},"excerpt":{"rendered":"<p>Z rado\u015bci\u0105 informujemy, i\u017c Naczelny S\u0105d Administracji ca\u0142kowicie popar\u0142 stanowisko Kancelarii i uzna\u0142, \u017ce informacja w\u0142a\u015bciwej instytucji o pozostawieniu wniosku bez rozpatrzenia z powodu nieuzupe\u0142nienia w terminie stwierdzonych brak\u00f3w w zakresie warunk\u00f3w formalnych we wniosku o dofinansowanie projektu jest aktem z zakresu administracji publicznej podlegaj\u0105cym kontroli s\u0105dowoadministracyjnej (por. postanowienie NSA z dnia 22.07.2021, sygn. akt [&hellip;]<\/p>\n","protected":false},"author":1,"featured_media":926,"comment_status":"closed","ping_status":"open","sticky":false,"template":"","format":"standard","meta":[],"categories":[1],"tags":[],"_links":{"self":[{"href":"https:\/\/www.jozefiak.org\/index.php\/wp-json\/wp\/v2\/posts\/925"}],"collection":[{"href":"https:\/\/www.jozefiak.org\/index.php\/wp-json\/wp\/v2\/posts"}],"about":[{"href":"https:\/\/www.jozefiak.org\/index.php\/wp-json\/wp\/v2\/types\/post"}],"author":[{"embeddable":true,"href":"https:\/\/www.jozefiak.org\/index.php\/wp-json\/wp\/v2\/users\/1"}],"replies":[{"embeddable":true,"href":"https:\/\/www.jozefiak.org\/index.php\/wp-json\/wp\/v2\/comments?post=925"}],"version-history":[{"count":1,"href":"https:\/\/www.jozefiak.org\/index.php\/wp-json\/wp\/v2\/posts\/925\/revisions"}],"predecessor-version":[{"id":927,"href":"https:\/\/www.jozefiak.org\/index.php\/wp-json\/wp\/v2\/posts\/925\/revisions\/927"}],"wp:featuredmedia":[{"embeddable":true,"href":"https:\/\/www.jozefiak.org\/index.php\/wp-json\/wp\/v2\/media\/926"}],"wp:attachment":[{"href":"https:\/\/www.jozefiak.org\/index.php\/wp-json\/wp\/v2\/media?parent=925"}],"wp:term":[{"taxonomy":"category","embeddable":true,"href":"https:\/\/www.jozefiak.org\/index.php\/wp-json\/wp\/v2\/categories?post=925"},{"taxonomy":"post_tag","embeddable":true,"href":"https:\/\/www.jozefiak.org\/index.php\/wp-json\/wp\/v2\/tags?post=925"}],"curies":[{"name":"wp","href":"https:\/\/api.w.org\/{rel}","templated":true}]}}