{"id":955,"date":"2022-02-09T08:19:57","date_gmt":"2022-02-09T08:19:57","guid":{"rendered":"https:\/\/www.jozefiak.org\/?p=955"},"modified":"2022-02-09T08:19:57","modified_gmt":"2022-02-09T08:19:57","slug":"obowiazkowy-rejestr-i-podatek-dla-youtuberow-wyjasniamy","status":"publish","type":"post","link":"https:\/\/www.jozefiak.org\/index.php\/archiwa\/955","title":{"rendered":"Obowi\u0105zkowy rejestr i podatek dla &#8222;youtuber\u00f3w&#8221;? Wyja\u015bniamy."},"content":{"rendered":"\n<p>Nowelizacja ustawy z dnia 11 sierpnia 2021r. o zmianie ustawy o radiofonii i telewizji oraz ustawy o kinematografii (Dz. U. 2021, poz. 1676) wprowadzi\u0142a nowe obowi\u0105zki rejestrowe dla podmiot\u00f3w dostarczaj\u0105cych audiowizualn\u0105 us\u0142ug\u0119 medialn\u0105 na \u017c\u0105danie. Obowi\u0105zki te dotycz\u0105 po pierwsze &#8211; wpisu do specjalnego rejestru, a po drugie, co zapewne wa\u017cniejsze z punktu widzenia tw\u00f3rc\u00f3w &#8211; obowi\u0105zku regulowania nowego podatku w wysoko\u015bci 1,5% przychodu uzyskanego z tytu\u0142u emisji przekaz\u00f3w handlowych albo przychodu pochodz\u0105cego z pobranych bezpo\u015brednio od abonent\u00f3w op\u0142at za dost\u0119p do nadawanych program\u00f3w.<\/p>\n\n\n\n<p>W sieci pojawia si\u0119 wiele sprzecznych i &#8222;clickbaitowych&#8221; opracowa\u0144 serwowanych przez media, wedle kt\u00f3rych obowi\u0105zek ten spoczywa na wszystkich tw\u00f3rcach, kt\u00f3rzy odnosz\u0105 jakiekolwiek profity zwi\u0105zane z prowadzeniem kana\u0142u na takiej platformie jak chocia\u017cby najpopularniejszy w sieci &#8211; Youtube. Wg\u0142\u0119biaj\u0105c si\u0119 w nowelizacj\u0119 ustawy uzna\u0107 nale\u017cy jednak, \u017ce zdecydowana wi\u0119kszo\u015b\u0107 tw\u00f3rc\u00f3w nie b\u0119dzie podlega\u0142a pod nowe opodatkowanie, kt\u00f3re by\u0142oby niezale\u017cne od dotychczasowego, rozliczanego zapewne przez tw\u00f3rc\u00f3w podatku dochodowego.<\/p>\n\n\n\n<p>W pierwszej kolejno\u015bci nale\u017cy zastanowi\u0107 si\u0119 na tym, kto podlega obowi\u0105zkowi wpisu do rejestru tw\u00f3rc\u00f3w &#8211; zgodnie ze znowelizowanym Art. 47ca. Ustawy o radiofonii i telewizji &#8222;<em>1. Podmiot dostarczaj\u0105cy audiowizualn\u0105 us\u0142ug\u0119 medialn\u0105 na \u017c\u0105danie dokonuje zg\u0142oszenia o wpis do wykazu prowadzonego w systemie teleinformatycznym zapewniaj\u0105cym bezpiecze\u0144stwo danych osobowych w nim przetwarzanych zgodnie z zasad\u0105 integralno\u015bci i poufno\u015bci przez Przewodnicz\u0105cego Krajowej Rady nie p\u00f3\u017aniej ni\u017c 14 dni przed dniem rozpocz\u0119cia jej udost\u0119pniania publicznego.<\/em>&#8222;<\/p>\n\n\n\n<p>Definicja podmiotu dostarczaj\u0105cego audiowizualn\u0105 us\u0142ug\u0119 medialn\u0105 na \u017c\u0105danie zawarta jest w art. 6 pkt 6a ustawy &#8211; &#8222;<em>audiowizualn\u0105 us\u0142ug\u0105 medialn\u0105 na \u017c\u0105danie jest us\u0142uga medialna \u015bwiadczona w ramach prowadzonej w tym zakresie dzia\u0142alno\u015bci gospodarczej, polegaj\u0105ca na publicznym udost\u0119pnianiu audycji audiowizualnych na podstawie katalogu ustalonego przez podmiot dostarczaj\u0105cy us\u0142ug\u0119<\/em>&#8222;.<\/p>\n\n\n\n<p>Niestety, w dalszym ci\u0105gu definicja ta jest wysoce nieprecyzyjna nawet dla prawnika, a co dopiero dla tw\u00f3rcy. Aby zrozumie\u0107 powy\u017csza definicj\u0119, nale\u017cy zag\u0142\u0119bi\u0107 si\u0119 w tre\u015b\u0107 uzasadnienia dla wprowadzanej nowelizacji. Z uzasadnienia wynika, i\u017c dla oceny indywidualnej tego, czy tw\u00f3rca\/podmiot podlega wpisowi do rejestru, nale\u017cy przeprowadzi\u0107 indywidualny test &#8211; je\u017celi na wszystkie pytania odpowiemy kumulatywnie &#8222;TAK&#8221;, to zapewne podlega\u0107 b\u0119dziemy obowi\u0105zkowi wpisu. Pytania te kszta\u0142tuj\u0105 si\u0119 nast\u0119puj\u0105co:<\/p>\n\n\n\n<ul><li><strong>Czy prowadz\u0119 dzia\u0142alno\u015b\u0107 gospodarcz\u0105?<\/strong> &#8211; nie chodzi tu tylko o sformalizowane zg\u0142oszenie, kt\u00f3re jest oczywi\u015bcie wymagane, ale tak\u017ce o faktyczne wykonywanie dzia\u0142alno\u015bci gospodarczej, nawet je\u017celi nie zosta\u0142a ona zg\u0142oszona w spos\u00f3b, do kt\u00f3rego zobowi\u0105zuje nasz obowi\u0105zuj\u0105ce prawo;<\/li><li><strong>Czy dostarczanie tre\u015bci jest zasadniczym przedmiotem mojej dzia\u0142alno\u015bci gospodarczej?<\/strong> &#8211; Przyk\u0142adem mo\u017ce by\u0107 np. Kancelaria prawna, kt\u00f3ra dodatkowo publikuje na portalu Youtube swoje opracowania dotycz\u0105ce zagadnie\u0144 istotnych i kontrowersyjnych &#8211; w takiej sytuacji nie jest to zasadniczy przedmiot dzia\u0142alno\u015bci, tylko pomocniczy, gdy\u017c zasadniczym profilem dzia\u0142alno\u015bci jest \u015bwiadczenie us\u0142ug prawnych.<\/li><li><strong>Czy moje tre\u015bci udost\u0119pniane s\u0105 publicznie, do masowego odbiorcy? <\/strong>&#8211; Dla przyk\u0142adu &#8211; tre\u015bci publikowane np. na Youtube s\u0105 publiczne i trafiaj\u0105 do zanonimizowanego, masowego odbiorcy.<\/li><\/ul>\n\n\n\n<p>Je\u017celi na wszystkie pytania odpowiadamy pozytywnie, to zapewne podlegamy obowi\u0105zkowi wpisu do rejestru. Zapewne, poniewa\u017c obowi\u0105zek zg\u0142oszenia dla podmiot\u00f3w ju\u017c prowadz\u0105cych tak\u0105 dzia\u0142alno\u015b\u0107 up\u0142ywa\u0142 na pocz\u0105tku lutego. Osoby odpowiedzialne za realizacj\u0119 ustawy oraz sporz\u0105dzenie odpowiednich akt\u00f3w wykonawczych nie\u015bmia\u0142o wskazuj\u0105, i\u017c obowi\u0105zek wpisu nie b\u0119dzie obecnie egzekwowany w spos\u00f3b przymusowy i sankcyjny, ale nale\u017cy skupi\u0107 si\u0119 na wyedukowaniu tw\u00f3rc\u00f3w, i nast\u0119pnie dopiero wezwa\u0107 ich do dokonania wpis\u00f3w pod stosownymi rygorami. Warto pami\u0119ta\u0107, \u017ce wpisanie do rejestru mo\u017ce si\u0119 wi\u0105za\u0107 z na\u0142o\u017ceniem nowych obowi\u0105zk\u00f3w zgodnie ze znowelizowanymi przepisami. Ze wzgl\u0119du jednak na niedawne wej\u015bcie obowi\u0105zk\u00f3w w \u017cycie, brak jest stanowisk s\u0105d\u00f3w, organ\u00f3w podatkowych, czy tez praktyk\u00f3w &#8211; wobec czego poruszamy si\u0119 obecnie w tym temacie jak na <em>terra incognita.<\/em><\/p>\n\n\n\n<p>W zakresie obowi\u0105zku regulowania podatku, o kt\u00f3rym wspomniano wcze\u015bniej, wskaza\u0107 nale\u017cy, i\u017c niew\u0105tpliwie, abstrahuj\u0105c od medialnych komunikat\u00f3w w tej sprawie, nie b\u0119d\u0105 podlega\u0107 pod niego wszyscy internetowi tw\u00f3rcy. Z ustawy wynika r\u00f3wnie\u017c, i\u017c wpis do rejestru r\u00f3wnie\u017c nie jest jednoznaczny z obowi\u0105zkiem podatkowym, co oznacza, i\u017c mo\u017ce istnie\u0107 szeroki katalog podmiot\u00f3w wpisanych do rejestru, ale zwolnionych z opodatkowania now\u0105 danin\u0105.<\/p>\n\n\n\n<p>Zgodnie z nowelizacj\u0105, podatek nie b\u0119dzie mia\u0142 zastosowania do nadawcy b\u0119d\u0105cego <strong>mikroprzedsi\u0119biorc\u0105<\/strong> w rozumieniu ustawy Prawo Przedsi\u0119biorc\u00f3w, lub nadawcy, kt\u00f3rego \u0142\u0105czny udzia\u0142 w widowni wszystkich rozpowszechnianych program\u00f3w w roku poprzedzaj\u0105cym rok, w kt\u00f3rym jest ustalany obowi\u0105zek wp\u0142aty na rzecz Instytutu, nie przekroczy\u0142 1%. Mikroprzedsi\u0119biorc\u0105 w rozumieniu ustawy Prawo przedsi\u0119biorc\u00f3w to przedsi\u0119biorca, kt\u00f3ry w co najmniej jednym roku z dw\u00f3ch ostatnich lat obrotowych spe\u0142nia\u0142 \u0142\u0105cznie nast\u0119puj\u0105ce warunki: zatrudnia\u0142 \u015bredniorocznie <strong>mniej ni\u017c 10 pracownik\u00f3w<\/strong> oraz osi\u0105gn\u0105\u0142 roczny obr\u00f3t netto ze sprzeda\u017cy towar\u00f3w, wyrob\u00f3w i us\u0142ug oraz z operacji finansowych <strong>nieprzekraczaj\u0105cy r\u00f3wnowarto\u015bci w z\u0142otych 2 milion\u00f3w euro<\/strong>, lub sumy aktyw\u00f3w jego bilansu sporz\u0105dzonego na koniec jednego z tych lat nie przekroczy\u0142y r\u00f3wnowarto\u015bci w z\u0142otych 2 milion\u00f3w euro. Jak wida\u0107, zapewne zdecydowana wi\u0119kszo\u015b\u0107 tw\u00f3rc\u00f3w indywidualnych b\u0119dzie podlega\u0142a pod to wy\u0142\u0105czenie, i nie b\u0119dzie zobowi\u0105zana do p\u0142acenia nowego podatku, a obejmie on kana\u0142y z wysokiej p\u00f3\u0142ki dochodowej.<\/p>\n\n\n\n<p>Jak wskazano uprzednio, obowi\u0105zki te tak naprawd\u0119 dopiero wchodz\u0105 w \u017cycie, w zwi\u0105zku z tym trudno jednoznacznie wskaza\u0107, kto faktycznie podlega wpisowi, w jakiej formie b\u0119d\u0105 urz\u0119dowo sprawy te korygowane, jaka b\u0119dzie strategia podmiot\u00f3w weryfikuj\u0105cych w tym zakresie. Wierzymy jednak, \u017ce nasze kr\u00f3tkie opracowanie chocia\u017c w zakresie podstawowym pozwoli na uspokojenie si\u0119 cz\u0119\u015bci tw\u00f3rc\u00f3w, kt\u00f3rzy od miesi\u0119cy straszeni byli obowi\u0105zkiem podatkowym przez &#8222;clickbaitowe&#8221; tytu\u0142y dost\u0119pne w mediach spo\u0142eczno\u015bciowych.<\/p>\n","protected":false},"excerpt":{"rendered":"<p>Nowelizacja ustawy z dnia 11 sierpnia 2021r. o zmianie ustawy o radiofonii i telewizji oraz ustawy o kinematografii (Dz. U. 2021, poz. 1676) wprowadzi\u0142a nowe obowi\u0105zki rejestrowe dla podmiot\u00f3w dostarczaj\u0105cych audiowizualn\u0105 us\u0142ug\u0119 medialn\u0105 na \u017c\u0105danie. Obowi\u0105zki te dotycz\u0105 po pierwsze &#8211; wpisu do specjalnego rejestru, a po drugie, co zapewne wa\u017cniejsze z punktu widzenia tw\u00f3rc\u00f3w [&hellip;]<\/p>\n","protected":false},"author":1,"featured_media":956,"comment_status":"closed","ping_status":"open","sticky":false,"template":"","format":"standard","meta":[],"categories":[1],"tags":[],"_links":{"self":[{"href":"https:\/\/www.jozefiak.org\/index.php\/wp-json\/wp\/v2\/posts\/955"}],"collection":[{"href":"https:\/\/www.jozefiak.org\/index.php\/wp-json\/wp\/v2\/posts"}],"about":[{"href":"https:\/\/www.jozefiak.org\/index.php\/wp-json\/wp\/v2\/types\/post"}],"author":[{"embeddable":true,"href":"https:\/\/www.jozefiak.org\/index.php\/wp-json\/wp\/v2\/users\/1"}],"replies":[{"embeddable":true,"href":"https:\/\/www.jozefiak.org\/index.php\/wp-json\/wp\/v2\/comments?post=955"}],"version-history":[{"count":1,"href":"https:\/\/www.jozefiak.org\/index.php\/wp-json\/wp\/v2\/posts\/955\/revisions"}],"predecessor-version":[{"id":957,"href":"https:\/\/www.jozefiak.org\/index.php\/wp-json\/wp\/v2\/posts\/955\/revisions\/957"}],"wp:featuredmedia":[{"embeddable":true,"href":"https:\/\/www.jozefiak.org\/index.php\/wp-json\/wp\/v2\/media\/956"}],"wp:attachment":[{"href":"https:\/\/www.jozefiak.org\/index.php\/wp-json\/wp\/v2\/media?parent=955"}],"wp:term":[{"taxonomy":"category","embeddable":true,"href":"https:\/\/www.jozefiak.org\/index.php\/wp-json\/wp\/v2\/categories?post=955"},{"taxonomy":"post_tag","embeddable":true,"href":"https:\/\/www.jozefiak.org\/index.php\/wp-json\/wp\/v2\/tags?post=955"}],"curies":[{"name":"wp","href":"https:\/\/api.w.org\/{rel}","templated":true}]}}