{"id":971,"date":"2022-06-06T11:42:01","date_gmt":"2022-06-06T11:42:01","guid":{"rendered":"https:\/\/www.jozefiak.org\/?p=971"},"modified":"2022-06-06T11:42:02","modified_gmt":"2022-06-06T11:42:02","slug":"kolejna-niewaznosc-decyzji-selekt","status":"publish","type":"post","link":"https:\/\/www.jozefiak.org\/index.php\/archiwa\/971","title":{"rendered":"Kolejna niewa\u017cno\u015b\u0107 decyzji SELEKT!"},"content":{"rendered":"\n<p>Z rado\u015bci\u0105 informujemy, i\u017c po raz kolejny Wojew\u00f3dzki S\u0105d Administracyjny w Poznaniu stwierdzi\u0142 niewa\u017cno\u015b\u0107 decyzji Zwi\u0105zku Mi\u0119dzygminnego \u201eCentrum Zagospodarowania Odpad\u00f3w \u2013 SELEKT\u201d oraz Samorz\u0105dowego Kolegium Odwo\u0142awczego w Poznaniu. Wyrokiem o sygn. akt II SA\/Po 122\/22 jednoznacznie przes\u0105dzono, \u017ce wszystkie decyzje wydawane przez Zwi\u0105zek Mi\u0119dzygminny SELEKT, podpisywane przez osoby nieb\u0119d\u0105ce cz\u0142onkami zarz\u0105du, s\u0105 niewa\u017cne z mocy prawa. Jest to kolejny pozytywny wyrok uzyskany na korzy\u015b\u0107 naszego klienta.<\/p>\n\n\n\n<p>Zach\u0119camy do sk\u0142adania wniosk\u00f3w o stwierdzenie niewa\u017cno\u015bci takich decyzji, w tym w szczeg\u00f3lno\u015bci nak\u0142adaj\u0105cych administracyjne kary pieni\u0119\u017cne &#8211; Kancelaria \u015bwiadczy kompleksow\u0105 pomoc w tym zakresie zar\u00f3wno dla os\u00f3b fizycznych, jak i przedsi\u0119biorc\u00f3w.<\/p>\n","protected":false},"excerpt":{"rendered":"<p>Z rado\u015bci\u0105 informujemy, i\u017c po raz kolejny Wojew\u00f3dzki S\u0105d Administracyjny w Poznaniu stwierdzi\u0142 niewa\u017cno\u015b\u0107 decyzji Zwi\u0105zku Mi\u0119dzygminnego \u201eCentrum Zagospodarowania Odpad\u00f3w \u2013 SELEKT\u201d oraz Samorz\u0105dowego Kolegium Odwo\u0142awczego w Poznaniu. Wyrokiem o sygn. akt II SA\/Po 122\/22 jednoznacznie przes\u0105dzono, \u017ce wszystkie decyzje wydawane przez Zwi\u0105zek Mi\u0119dzygminny SELEKT, podpisywane przez osoby nieb\u0119d\u0105ce cz\u0142onkami zarz\u0105du, s\u0105 niewa\u017cne z mocy [&hellip;]<\/p>\n","protected":false},"author":1,"featured_media":972,"comment_status":"closed","ping_status":"open","sticky":false,"template":"","format":"standard","meta":[],"categories":[1],"tags":[],"_links":{"self":[{"href":"https:\/\/www.jozefiak.org\/index.php\/wp-json\/wp\/v2\/posts\/971"}],"collection":[{"href":"https:\/\/www.jozefiak.org\/index.php\/wp-json\/wp\/v2\/posts"}],"about":[{"href":"https:\/\/www.jozefiak.org\/index.php\/wp-json\/wp\/v2\/types\/post"}],"author":[{"embeddable":true,"href":"https:\/\/www.jozefiak.org\/index.php\/wp-json\/wp\/v2\/users\/1"}],"replies":[{"embeddable":true,"href":"https:\/\/www.jozefiak.org\/index.php\/wp-json\/wp\/v2\/comments?post=971"}],"version-history":[{"count":1,"href":"https:\/\/www.jozefiak.org\/index.php\/wp-json\/wp\/v2\/posts\/971\/revisions"}],"predecessor-version":[{"id":973,"href":"https:\/\/www.jozefiak.org\/index.php\/wp-json\/wp\/v2\/posts\/971\/revisions\/973"}],"wp:featuredmedia":[{"embeddable":true,"href":"https:\/\/www.jozefiak.org\/index.php\/wp-json\/wp\/v2\/media\/972"}],"wp:attachment":[{"href":"https:\/\/www.jozefiak.org\/index.php\/wp-json\/wp\/v2\/media?parent=971"}],"wp:term":[{"taxonomy":"category","embeddable":true,"href":"https:\/\/www.jozefiak.org\/index.php\/wp-json\/wp\/v2\/categories?post=971"},{"taxonomy":"post_tag","embeddable":true,"href":"https:\/\/www.jozefiak.org\/index.php\/wp-json\/wp\/v2\/tags?post=971"}],"curies":[{"name":"wp","href":"https:\/\/api.w.org\/{rel}","templated":true}]}}